{"id":1718,"date":"2018-10-05T09:04:32","date_gmt":"2018-10-05T09:04:32","guid":{"rendered":"https:\/\/angelodellapergola1.com\/the-wall-project-n-1-artoday-and-gallery-angelo-della-pergola-1\/"},"modified":"2018-10-31T14:26:30","modified_gmt":"2018-10-31T14:26:30","slug":"the-wall-project-n-1-artoday-and-gallery-angelo-della-pergola-1","status":"publish","type":"post","link":"https:\/\/angelodellapergola1.com\/en\/the-wall-project-n-1-artoday-and-gallery-angelo-della-pergola-1\/","title":{"rendered":"&#8220;THE WALL&#8221; Project N.1 &#8211; Artoday and Gallery &#8220;Angelo della Pergola 1&#8221;"},"content":{"rendered":"<p>&#8220;The Wall&#8221; is a new project of Artoday and Gallery Angelo della Pergola 1 in Milan.<br \/>\nFirst exhibition out of 5 started in september 2018 &#8211; Isola district in Milan with the Artist Manuel Fois.<\/p>\n<p><img loading=\"lazy\" decoding=\"async\" class=\"alignnone size-full wp-image-1569\" src=\"https:\/\/angelodellapergola1.com\/wp-content\/uploads\/2018\/10\/1.jpg\" alt=\"\" width=\"1200\" height=\"800\" srcset=\"https:\/\/angelodellapergola1.com\/wp-content\/uploads\/2018\/10\/1.jpg 1200w, https:\/\/angelodellapergola1.com\/wp-content\/uploads\/2018\/10\/1-300x200.jpg 300w, https:\/\/angelodellapergola1.com\/wp-content\/uploads\/2018\/10\/1-768x512.jpg 768w, https:\/\/angelodellapergola1.com\/wp-content\/uploads\/2018\/10\/1-1024x683.jpg 1024w, https:\/\/angelodellapergola1.com\/wp-content\/uploads\/2018\/10\/1-1080x720.jpg 1080w\" sizes=\"(max-width: 1200px) 100vw, 1200px\" \/> <img loading=\"lazy\" decoding=\"async\" class=\"alignnone size-full wp-image-1571\" src=\"https:\/\/angelodellapergola1.com\/wp-content\/uploads\/2018\/10\/2.jpg\" alt=\"\" width=\"1200\" height=\"800\" srcset=\"https:\/\/angelodellapergola1.com\/wp-content\/uploads\/2018\/10\/2.jpg 1200w, https:\/\/angelodellapergola1.com\/wp-content\/uploads\/2018\/10\/2-300x200.jpg 300w, https:\/\/angelodellapergola1.com\/wp-content\/uploads\/2018\/10\/2-768x512.jpg 768w, https:\/\/angelodellapergola1.com\/wp-content\/uploads\/2018\/10\/2-1024x683.jpg 1024w, https:\/\/angelodellapergola1.com\/wp-content\/uploads\/2018\/10\/2-1080x720.jpg 1080w\" sizes=\"(max-width: 1200px) 100vw, 1200px\" \/><img loading=\"lazy\" decoding=\"async\" class=\"alignnone size-full wp-image-1577\" src=\"https:\/\/angelodellapergola1.com\/wp-content\/uploads\/2018\/10\/3-5bb7290e7cd96.jpg\" alt=\"\" width=\"1200\" height=\"800\" srcset=\"https:\/\/angelodellapergola1.com\/wp-content\/uploads\/2018\/10\/3-5bb7290e7cd96.jpg 1200w, https:\/\/angelodellapergola1.com\/wp-content\/uploads\/2018\/10\/3-5bb7290e7cd96-300x200.jpg 300w, https:\/\/angelodellapergola1.com\/wp-content\/uploads\/2018\/10\/3-5bb7290e7cd96-768x512.jpg 768w, https:\/\/angelodellapergola1.com\/wp-content\/uploads\/2018\/10\/3-5bb7290e7cd96-1024x683.jpg 1024w, https:\/\/angelodellapergola1.com\/wp-content\/uploads\/2018\/10\/3-5bb7290e7cd96-1080x720.jpg 1080w\" sizes=\"(max-width: 1200px) 100vw, 1200px\" \/><img loading=\"lazy\" decoding=\"async\" class=\"alignnone size-full wp-image-1575\" src=\"https:\/\/angelodellapergola1.com\/wp-content\/uploads\/2018\/10\/4.jpg\" alt=\"\" width=\"1200\" height=\"800\" srcset=\"https:\/\/angelodellapergola1.com\/wp-content\/uploads\/2018\/10\/4.jpg 1200w, https:\/\/angelodellapergola1.com\/wp-content\/uploads\/2018\/10\/4-300x200.jpg 300w, https:\/\/angelodellapergola1.com\/wp-content\/uploads\/2018\/10\/4-768x512.jpg 768w, https:\/\/angelodellapergola1.com\/wp-content\/uploads\/2018\/10\/4-1024x683.jpg 1024w, https:\/\/angelodellapergola1.com\/wp-content\/uploads\/2018\/10\/4-1080x720.jpg 1080w\" sizes=\"(max-width: 1200px) 100vw, 1200px\" \/><\/p>\n<p>&nbsp;<\/p>\n<p>&nbsp;<\/p>\n<h2 class=\"entry-title\">The Wall. Post reali in un mondo digitale<\/h2>\n<div class=\"header-bottom\">\n<div class=\"post-info\"><span class=\"entry-meta\"><span class=\"author-meta\">da\u00a0<span class=\"author vcard\"><span class=\"author_name\"><a class=\"url fn n\" title=\"Vedi tutti gli articoli di Marco Roberto Marelli\" href=\"http:\/\/formeuniche.org\/author\/marelli-marco\/\" rel=\"author\">Marco Roberto Marelli<\/a><\/span><\/span><\/span><span class=\"v-separator\">|<\/span>Pubblicato\u00a0<time class=\"entry-date published updated\" datetime=\"2018-09-17T09:00:48+00:00\">17 settembre 2018<\/time><\/span><\/div>\n<\/div>\n<div class=\"post-entry tc-content-inner\">\n<section class=\"post-content entry-content \">\n<div class=\"czr-wp-the-content\">\n<p>Siamo ormai passati dall\u2019era del libro a quella del Post-it. Le grandi narrazioni vanno dissolvendosi anche la dove erano pi\u00f9 forti; la fede si fa social, la politica selfie. Sono arrivati i barbari di Baricco, hanno conquistato le sedie del potere; non sono poi cos\u00ec cattivi, solo diversi. La storia, in cui il termine rivoluzione \u00e8 un accattivante slogan per evidenziare le tappe di una lenta e non unidirezionale evoluzione, non \u00e8 fatta di grandi avvenimenti ma costruita dalla quotidianit\u00e0 che li precede e dagli sviluppi a cui essi conducono. \u00c8 nella gestione del tempo che risiede il potere degli uomini, nella capacit\u00e0 di utilizzare al meglio strumenti creati per differenti \u201cfini\u201d. Una gestione conscia di ci\u00f2 che l\u2019evoluzione biologica fa in maniera inconsapevole.<\/p>\n<p><strong>The Wall<\/strong>\u00a0unisce le pi\u00f9 attuali e diffuse tecniche del mondo digitale alla necessit\u00e0 umana di empatia, realt\u00e0 e tattilit\u00e0. The Wall \u00e8 il nuovo progetto espositivo ideato da\u00a0<strong>Federico Montagna<\/strong>\u00a0(managing director di\u00a0<strong>Artoday<\/strong>\u00a0&amp; digital curator) e dalla designer tedesca\u00a0<strong>Myriam Kuehne Rauner<\/strong>\u00a0per gli spazi della\u00a0<strong>Galleria Angelo della Pergola 1<\/strong>in Zona ISOLA a Milano.<\/p>\n<p>Cinque appuntamenti nei quali, altrettanti differenti artisti emergenti, esporranno, ogni volta, una singola opera. Una parete, un muro della sede render\u00e0 fisico il format editoriale on line ideato da Montagna; non un \u201ctrittico\u201d (tre post al giorno), di un unico artista, dedicato al racconto della sua opera, ma una singola immagine e un hashtag scritto alla parete. Il processo si ribalta, l\u2019incontro con la realizzazione artistica conduce lo spettatore ad approfondire, a cercare in rete pi\u00f9 nozioni partendo da una posizione di forza, partendo da una fruizione reale e non mediata dell\u2019oggetto.<\/p>\n<p><em><strong>The Wall Project No. 1 #MANUELFOIS<\/strong><\/em>\u00a0allarga, e pone in discussione fin dalla prima prova, il format proposto. L\u2019opera pittorica presentata dall\u2019artista cagliaritano non \u00e8 solo un oggetto da fruire tramite la vista ma un\u2019installazione dove immagine e suono convivono.\u00a0<em>AUD-553310<\/em>\u00a0conduce infatti nel piano della ricerca estetica di Manuel Fois, nel cuore della sua analisi pittorica di manifestazioni sonore rese visibili tramite la codifica di uno specifico software. Tracce, raccolte in luoghi sempre diversi, da cui nascono grafici che sono la materia prima che conduce a originali esperienze estetiche<strong>.<\/strong><\/p>\n<p>Il processo \u00e8 simile a quello utilizzato da Ian Davenport per la realizzazione di molte sue opere su carta. Le\u00a0<em>Staggered Lines\u00a0<\/em>propongono una luccicante replica del grafico di un analizzatore di spettro, un\u2019affollata foresta di asticelle rende visibile i colori della musica. Operazioni concettuali simili evidenziano approcci e finalit\u00e0 molto differenti, in linea con i diversissimi universi culturali in cui sono nati i lavori.<\/p>\n<p>Se l\u2019artista inglese da sfogo a una nuova pittura astratta carica degli eccessi e delle paure della sua generazione, le opere di Fois raccontano la nostra quotidianit\u00e0, propongono un mondo avvolgente che oscilla fra analogico e digitale, fra virtuale e reale attraverso un traduzione artistica che attiva pi\u00f9 sensi senza sovreccitarne nessuno (i celebri poli freddo \u2013 caldo di barilliana matrice).<\/p>\n<p><em>The Wall<\/em>\u00a0\u00e8 un progetto chiaro e ambizioso; vuole riportare il virtuale nella vita reale partendo dalla parete di una galleria che \u00e8 anche showroom per il brand\u00a0<em>m2kr<\/em>. Una serie di collisioni che evidenziano l\u2019esigenza di uscire da strutture e regole codificate, che danno vita a un nuovo modo di concepire l\u2019offerta artistica che si inserisce in maniera del tutto originale, mantenendo un precisa autonomia, in un contesto artistico in pieno fermento, in un universo dove sorgono nuove realt\u00e0 differenti accomunate da esigenze simili. Dalla crisi pu\u00f2 nascere il futuro.<\/p>\n<\/div>\n<\/section>\n<\/div>\n","protected":false},"excerpt":{"rendered":"<p>&#8220;The Wall&#8221; is a new project of Artoday and Gallery Angelo della Pergola 1 in Milan. First exhibition out of 5 started in september 2018 &#8211; Isola district in Milan with the Artist Manuel Fois. &nbsp; &nbsp; The Wall. Post reali in un mondo digitale da\u00a0Marco Roberto Marelli|Pubblicato\u00a017 settembre 2018 Siamo ormai passati dall\u2019era del [&hellip;]<\/p>\n","protected":false},"author":4,"featured_media":1786,"comment_status":"open","ping_status":"open","sticky":false,"template":"","format":"standard","meta":{"_et_pb_use_builder":"","_et_pb_old_content":"","_et_gb_content_width":"","inline_featured_image":false,"footnotes":""},"categories":[13],"tags":[],"class_list":["post-1718","post","type-post","status-publish","format-standard","has-post-thumbnail","hentry","category-gallery-en"],"yoast_head":"<!-- This site is optimized with the Yoast SEO plugin v27.5 - https:\/\/yoast.com\/product\/yoast-seo-wordpress\/ -->\n<title>&quot;THE WALL&quot; Project N.1 - Artoday and Gallery &quot;Angelo della Pergola 1&quot; - Angelo della Pergola 1<\/title>\n<meta name=\"robots\" content=\"noindex, follow\" \/>\n<meta property=\"og:locale\" content=\"en_US\" \/>\n<meta property=\"og:type\" content=\"article\" \/>\n<meta property=\"og:title\" content=\"&quot;THE WALL&quot; Project N.1 - Artoday and Gallery &quot;Angelo della Pergola 1&quot; - Angelo della Pergola 1\" \/>\n<meta property=\"og:description\" content=\"&#8220;The Wall&#8221; is a new project of Artoday and Gallery Angelo della Pergola 1 in Milan. First exhibition out of 5 started in september 2018 &#8211; Isola district in Milan with the Artist Manuel Fois. &nbsp; &nbsp; The Wall. Post reali in un mondo digitale da\u00a0Marco Roberto Marelli|Pubblicato\u00a017 settembre 2018 Siamo ormai passati dall\u2019era del [&hellip;]\" \/>\n<meta property=\"og:url\" content=\"https:\/\/www.angelodellapergola1.com\/en\/the-wall-project-n-1-artoday-and-gallery-angelo-della-pergola-1\/\" \/>\n<meta property=\"og:site_name\" content=\"Angelo della Pergola 1\" \/>\n<meta property=\"article:published_time\" content=\"2018-10-05T09:04:32+00:00\" \/>\n<meta property=\"article:modified_time\" content=\"2018-10-31T14:26:30+00:00\" \/>\n<meta property=\"og:image\" content=\"https:\/\/www.angelodellapergola1.com\/wp-content\/uploads\/2018\/10\/esposizione_01.jpg\" \/>\n\t<meta property=\"og:image:width\" content=\"1200\" \/>\n\t<meta property=\"og:image:height\" content=\"800\" \/>\n\t<meta property=\"og:image:type\" content=\"image\/jpeg\" \/>\n<meta name=\"author\" content=\"Francesca\" \/>\n<meta name=\"twitter:card\" content=\"summary_large_image\" \/>\n<meta name=\"twitter:label1\" content=\"Written by\" \/>\n\t<meta name=\"twitter:data1\" content=\"Francesca\" \/>\n\t<meta name=\"twitter:label2\" content=\"Est. reading time\" \/>\n\t<meta name=\"twitter:data2\" content=\"3 minutes\" \/>\n<script type=\"application\/ld+json\" class=\"yoast-schema-graph\">{\"@context\":\"https:\\\/\\\/schema.org\",\"@graph\":[{\"@type\":\"Article\",\"@id\":\"https:\\\/\\\/www.angelodellapergola1.com\\\/en\\\/the-wall-project-n-1-artoday-and-gallery-angelo-della-pergola-1\\\/#article\",\"isPartOf\":{\"@id\":\"https:\\\/\\\/www.angelodellapergola1.com\\\/en\\\/the-wall-project-n-1-artoday-and-gallery-angelo-della-pergola-1\\\/\"},\"author\":{\"name\":\"Francesca\",\"@id\":\"https:\\\/\\\/www.angelodellapergola1.com\\\/en\\\/#\\\/schema\\\/person\\\/6503397e8add971b09015ca2e50c9b09\"},\"headline\":\"&#8220;THE WALL&#8221; Project N.1 &#8211; Artoday and Gallery &#8220;Angelo della Pergola 1&#8221;\",\"datePublished\":\"2018-10-05T09:04:32+00:00\",\"dateModified\":\"2018-10-31T14:26:30+00:00\",\"mainEntityOfPage\":{\"@id\":\"https:\\\/\\\/www.angelodellapergola1.com\\\/en\\\/the-wall-project-n-1-artoday-and-gallery-angelo-della-pergola-1\\\/\"},\"wordCount\":642,\"commentCount\":0,\"publisher\":{\"@id\":\"https:\\\/\\\/www.angelodellapergola1.com\\\/en\\\/#organization\"},\"image\":{\"@id\":\"https:\\\/\\\/www.angelodellapergola1.com\\\/en\\\/the-wall-project-n-1-artoday-and-gallery-angelo-della-pergola-1\\\/#primaryimage\"},\"thumbnailUrl\":\"https:\\\/\\\/angelodellapergola1.com\\\/wp-content\\\/uploads\\\/2018\\\/10\\\/esposizione_01.jpg\",\"articleSection\":[\"Gallery\"],\"inLanguage\":\"en-US\"},{\"@type\":\"WebPage\",\"@id\":\"https:\\\/\\\/www.angelodellapergola1.com\\\/en\\\/the-wall-project-n-1-artoday-and-gallery-angelo-della-pergola-1\\\/\",\"url\":\"https:\\\/\\\/www.angelodellapergola1.com\\\/en\\\/the-wall-project-n-1-artoday-and-gallery-angelo-della-pergola-1\\\/\",\"name\":\"\\\"THE WALL\\\" Project N.1 - Artoday and Gallery \\\"Angelo della Pergola 1\\\" - Angelo della Pergola 1\",\"isPartOf\":{\"@id\":\"https:\\\/\\\/www.angelodellapergola1.com\\\/en\\\/#website\"},\"primaryImageOfPage\":{\"@id\":\"https:\\\/\\\/www.angelodellapergola1.com\\\/en\\\/the-wall-project-n-1-artoday-and-gallery-angelo-della-pergola-1\\\/#primaryimage\"},\"image\":{\"@id\":\"https:\\\/\\\/www.angelodellapergola1.com\\\/en\\\/the-wall-project-n-1-artoday-and-gallery-angelo-della-pergola-1\\\/#primaryimage\"},\"thumbnailUrl\":\"https:\\\/\\\/angelodellapergola1.com\\\/wp-content\\\/uploads\\\/2018\\\/10\\\/esposizione_01.jpg\",\"datePublished\":\"2018-10-05T09:04:32+00:00\",\"dateModified\":\"2018-10-31T14:26:30+00:00\",\"breadcrumb\":{\"@id\":\"https:\\\/\\\/www.angelodellapergola1.com\\\/en\\\/the-wall-project-n-1-artoday-and-gallery-angelo-della-pergola-1\\\/#breadcrumb\"},\"inLanguage\":\"en-US\",\"potentialAction\":[{\"@type\":\"ReadAction\",\"target\":[\"https:\\\/\\\/www.angelodellapergola1.com\\\/en\\\/the-wall-project-n-1-artoday-and-gallery-angelo-della-pergola-1\\\/\"]}]},{\"@type\":\"ImageObject\",\"inLanguage\":\"en-US\",\"@id\":\"https:\\\/\\\/www.angelodellapergola1.com\\\/en\\\/the-wall-project-n-1-artoday-and-gallery-angelo-della-pergola-1\\\/#primaryimage\",\"url\":\"https:\\\/\\\/angelodellapergola1.com\\\/wp-content\\\/uploads\\\/2018\\\/10\\\/esposizione_01.jpg\",\"contentUrl\":\"https:\\\/\\\/angelodellapergola1.com\\\/wp-content\\\/uploads\\\/2018\\\/10\\\/esposizione_01.jpg\",\"width\":1200,\"height\":800},{\"@type\":\"BreadcrumbList\",\"@id\":\"https:\\\/\\\/www.angelodellapergola1.com\\\/en\\\/the-wall-project-n-1-artoday-and-gallery-angelo-della-pergola-1\\\/#breadcrumb\",\"itemListElement\":[{\"@type\":\"ListItem\",\"position\":1,\"name\":\"Home\",\"item\":\"https:\\\/\\\/www.angelodellapergola1.com\\\/en\\\/\"},{\"@type\":\"ListItem\",\"position\":2,\"name\":\"&#8220;THE WALL&#8221; Project N.1 &#8211; Artoday and Gallery &#8220;Angelo della Pergola 1&#8221;\"}]},{\"@type\":\"WebSite\",\"@id\":\"https:\\\/\\\/www.angelodellapergola1.com\\\/en\\\/#website\",\"url\":\"https:\\\/\\\/www.angelodellapergola1.com\\\/en\\\/\",\"name\":\"Angelo della Pergola 1\",\"description\":\"DESIGN GALLERY\",\"publisher\":{\"@id\":\"https:\\\/\\\/www.angelodellapergola1.com\\\/en\\\/#organization\"},\"potentialAction\":[{\"@type\":\"SearchAction\",\"target\":{\"@type\":\"EntryPoint\",\"urlTemplate\":\"https:\\\/\\\/www.angelodellapergola1.com\\\/en\\\/?s={search_term_string}\"},\"query-input\":{\"@type\":\"PropertyValueSpecification\",\"valueRequired\":true,\"valueName\":\"search_term_string\"}}],\"inLanguage\":\"en-US\"},{\"@type\":\"Organization\",\"@id\":\"https:\\\/\\\/www.angelodellapergola1.com\\\/en\\\/#organization\",\"name\":\"m2kr\",\"url\":\"https:\\\/\\\/www.angelodellapergola1.com\\\/en\\\/\",\"logo\":{\"@type\":\"ImageObject\",\"inLanguage\":\"en-US\",\"@id\":\"https:\\\/\\\/www.angelodellapergola1.com\\\/en\\\/#\\\/schema\\\/logo\\\/image\\\/\",\"url\":\"https:\\\/\\\/angelodellapergola1.com\\\/wp-content\\\/uploads\\\/2017\\\/10\\\/m2kr_logo.png\",\"contentUrl\":\"https:\\\/\\\/angelodellapergola1.com\\\/wp-content\\\/uploads\\\/2017\\\/10\\\/m2kr_logo.png\",\"width\":120,\"height\":134,\"caption\":\"m2kr\"},\"image\":{\"@id\":\"https:\\\/\\\/www.angelodellapergola1.com\\\/en\\\/#\\\/schema\\\/logo\\\/image\\\/\"},\"sameAs\":[\"https:\\\/\\\/www.instagram.com\\\/angelodellapergola1\\\/\",\"https:\\\/\\\/www.youtube.com\\\/channel\\\/UCYvv2p4yEaBRQYaxf4-_Lyg\"]},{\"@type\":\"Person\",\"@id\":\"https:\\\/\\\/www.angelodellapergola1.com\\\/en\\\/#\\\/schema\\\/person\\\/6503397e8add971b09015ca2e50c9b09\",\"name\":\"Francesca\",\"image\":{\"@type\":\"ImageObject\",\"inLanguage\":\"en-US\",\"@id\":\"https:\\\/\\\/secure.gravatar.com\\\/avatar\\\/6c4f3d6705a0279f7608017e4c9b468756ed396fb9f7dbd195a79baec92c25bd?s=96&d=mm&r=g\",\"url\":\"https:\\\/\\\/secure.gravatar.com\\\/avatar\\\/6c4f3d6705a0279f7608017e4c9b468756ed396fb9f7dbd195a79baec92c25bd?s=96&d=mm&r=g\",\"contentUrl\":\"https:\\\/\\\/secure.gravatar.com\\\/avatar\\\/6c4f3d6705a0279f7608017e4c9b468756ed396fb9f7dbd195a79baec92c25bd?s=96&d=mm&r=g\",\"caption\":\"Francesca\"}}]}<\/script>\n<!-- \/ Yoast SEO plugin. -->","yoast_head_json":{"title":"\"THE WALL\" Project N.1 - Artoday and Gallery \"Angelo della Pergola 1\" - Angelo della Pergola 1","robots":{"index":"noindex","follow":"follow"},"og_locale":"en_US","og_type":"article","og_title":"\"THE WALL\" Project N.1 - Artoday and Gallery \"Angelo della Pergola 1\" - Angelo della Pergola 1","og_description":"&#8220;The Wall&#8221; is a new project of Artoday and Gallery Angelo della Pergola 1 in Milan. First exhibition out of 5 started in september 2018 &#8211; Isola district in Milan with the Artist Manuel Fois. &nbsp; &nbsp; The Wall. Post reali in un mondo digitale da\u00a0Marco Roberto Marelli|Pubblicato\u00a017 settembre 2018 Siamo ormai passati dall\u2019era del [&hellip;]","og_url":"https:\/\/www.angelodellapergola1.com\/en\/the-wall-project-n-1-artoday-and-gallery-angelo-della-pergola-1\/","og_site_name":"Angelo della Pergola 1","article_published_time":"2018-10-05T09:04:32+00:00","article_modified_time":"2018-10-31T14:26:30+00:00","og_image":[{"width":1200,"height":800,"url":"https:\/\/www.angelodellapergola1.com\/wp-content\/uploads\/2018\/10\/esposizione_01.jpg","type":"image\/jpeg"}],"author":"Francesca","twitter_card":"summary_large_image","twitter_misc":{"Written by":"Francesca","Est. reading time":"3 minutes"},"schema":{"@context":"https:\/\/schema.org","@graph":[{"@type":"Article","@id":"https:\/\/www.angelodellapergola1.com\/en\/the-wall-project-n-1-artoday-and-gallery-angelo-della-pergola-1\/#article","isPartOf":{"@id":"https:\/\/www.angelodellapergola1.com\/en\/the-wall-project-n-1-artoday-and-gallery-angelo-della-pergola-1\/"},"author":{"name":"Francesca","@id":"https:\/\/www.angelodellapergola1.com\/en\/#\/schema\/person\/6503397e8add971b09015ca2e50c9b09"},"headline":"&#8220;THE WALL&#8221; Project N.1 &#8211; Artoday and Gallery &#8220;Angelo della Pergola 1&#8221;","datePublished":"2018-10-05T09:04:32+00:00","dateModified":"2018-10-31T14:26:30+00:00","mainEntityOfPage":{"@id":"https:\/\/www.angelodellapergola1.com\/en\/the-wall-project-n-1-artoday-and-gallery-angelo-della-pergola-1\/"},"wordCount":642,"commentCount":0,"publisher":{"@id":"https:\/\/www.angelodellapergola1.com\/en\/#organization"},"image":{"@id":"https:\/\/www.angelodellapergola1.com\/en\/the-wall-project-n-1-artoday-and-gallery-angelo-della-pergola-1\/#primaryimage"},"thumbnailUrl":"https:\/\/angelodellapergola1.com\/wp-content\/uploads\/2018\/10\/esposizione_01.jpg","articleSection":["Gallery"],"inLanguage":"en-US"},{"@type":"WebPage","@id":"https:\/\/www.angelodellapergola1.com\/en\/the-wall-project-n-1-artoday-and-gallery-angelo-della-pergola-1\/","url":"https:\/\/www.angelodellapergola1.com\/en\/the-wall-project-n-1-artoday-and-gallery-angelo-della-pergola-1\/","name":"\"THE WALL\" Project N.1 - Artoday and Gallery \"Angelo della Pergola 1\" - Angelo della Pergola 1","isPartOf":{"@id":"https:\/\/www.angelodellapergola1.com\/en\/#website"},"primaryImageOfPage":{"@id":"https:\/\/www.angelodellapergola1.com\/en\/the-wall-project-n-1-artoday-and-gallery-angelo-della-pergola-1\/#primaryimage"},"image":{"@id":"https:\/\/www.angelodellapergola1.com\/en\/the-wall-project-n-1-artoday-and-gallery-angelo-della-pergola-1\/#primaryimage"},"thumbnailUrl":"https:\/\/angelodellapergola1.com\/wp-content\/uploads\/2018\/10\/esposizione_01.jpg","datePublished":"2018-10-05T09:04:32+00:00","dateModified":"2018-10-31T14:26:30+00:00","breadcrumb":{"@id":"https:\/\/www.angelodellapergola1.com\/en\/the-wall-project-n-1-artoday-and-gallery-angelo-della-pergola-1\/#breadcrumb"},"inLanguage":"en-US","potentialAction":[{"@type":"ReadAction","target":["https:\/\/www.angelodellapergola1.com\/en\/the-wall-project-n-1-artoday-and-gallery-angelo-della-pergola-1\/"]}]},{"@type":"ImageObject","inLanguage":"en-US","@id":"https:\/\/www.angelodellapergola1.com\/en\/the-wall-project-n-1-artoday-and-gallery-angelo-della-pergola-1\/#primaryimage","url":"https:\/\/angelodellapergola1.com\/wp-content\/uploads\/2018\/10\/esposizione_01.jpg","contentUrl":"https:\/\/angelodellapergola1.com\/wp-content\/uploads\/2018\/10\/esposizione_01.jpg","width":1200,"height":800},{"@type":"BreadcrumbList","@id":"https:\/\/www.angelodellapergola1.com\/en\/the-wall-project-n-1-artoday-and-gallery-angelo-della-pergola-1\/#breadcrumb","itemListElement":[{"@type":"ListItem","position":1,"name":"Home","item":"https:\/\/www.angelodellapergola1.com\/en\/"},{"@type":"ListItem","position":2,"name":"&#8220;THE WALL&#8221; Project N.1 &#8211; Artoday and Gallery &#8220;Angelo della Pergola 1&#8221;"}]},{"@type":"WebSite","@id":"https:\/\/www.angelodellapergola1.com\/en\/#website","url":"https:\/\/www.angelodellapergola1.com\/en\/","name":"Angelo della Pergola 1","description":"DESIGN GALLERY","publisher":{"@id":"https:\/\/www.angelodellapergola1.com\/en\/#organization"},"potentialAction":[{"@type":"SearchAction","target":{"@type":"EntryPoint","urlTemplate":"https:\/\/www.angelodellapergola1.com\/en\/?s={search_term_string}"},"query-input":{"@type":"PropertyValueSpecification","valueRequired":true,"valueName":"search_term_string"}}],"inLanguage":"en-US"},{"@type":"Organization","@id":"https:\/\/www.angelodellapergola1.com\/en\/#organization","name":"m2kr","url":"https:\/\/www.angelodellapergola1.com\/en\/","logo":{"@type":"ImageObject","inLanguage":"en-US","@id":"https:\/\/www.angelodellapergola1.com\/en\/#\/schema\/logo\/image\/","url":"https:\/\/angelodellapergola1.com\/wp-content\/uploads\/2017\/10\/m2kr_logo.png","contentUrl":"https:\/\/angelodellapergola1.com\/wp-content\/uploads\/2017\/10\/m2kr_logo.png","width":120,"height":134,"caption":"m2kr"},"image":{"@id":"https:\/\/www.angelodellapergola1.com\/en\/#\/schema\/logo\/image\/"},"sameAs":["https:\/\/www.instagram.com\/angelodellapergola1\/","https:\/\/www.youtube.com\/channel\/UCYvv2p4yEaBRQYaxf4-_Lyg"]},{"@type":"Person","@id":"https:\/\/www.angelodellapergola1.com\/en\/#\/schema\/person\/6503397e8add971b09015ca2e50c9b09","name":"Francesca","image":{"@type":"ImageObject","inLanguage":"en-US","@id":"https:\/\/secure.gravatar.com\/avatar\/6c4f3d6705a0279f7608017e4c9b468756ed396fb9f7dbd195a79baec92c25bd?s=96&d=mm&r=g","url":"https:\/\/secure.gravatar.com\/avatar\/6c4f3d6705a0279f7608017e4c9b468756ed396fb9f7dbd195a79baec92c25bd?s=96&d=mm&r=g","contentUrl":"https:\/\/secure.gravatar.com\/avatar\/6c4f3d6705a0279f7608017e4c9b468756ed396fb9f7dbd195a79baec92c25bd?s=96&d=mm&r=g","caption":"Francesca"}}]}},"_links":{"self":[{"href":"https:\/\/angelodellapergola1.com\/en\/wp-json\/wp\/v2\/posts\/1718","targetHints":{"allow":["GET"]}}],"collection":[{"href":"https:\/\/angelodellapergola1.com\/en\/wp-json\/wp\/v2\/posts"}],"about":[{"href":"https:\/\/angelodellapergola1.com\/en\/wp-json\/wp\/v2\/types\/post"}],"author":[{"embeddable":true,"href":"https:\/\/angelodellapergola1.com\/en\/wp-json\/wp\/v2\/users\/4"}],"replies":[{"embeddable":true,"href":"https:\/\/angelodellapergola1.com\/en\/wp-json\/wp\/v2\/comments?post=1718"}],"version-history":[{"count":1,"href":"https:\/\/angelodellapergola1.com\/en\/wp-json\/wp\/v2\/posts\/1718\/revisions"}],"predecessor-version":[{"id":1722,"href":"https:\/\/angelodellapergola1.com\/en\/wp-json\/wp\/v2\/posts\/1718\/revisions\/1722"}],"wp:featuredmedia":[{"embeddable":true,"href":"https:\/\/angelodellapergola1.com\/en\/wp-json\/wp\/v2\/media\/1786"}],"wp:attachment":[{"href":"https:\/\/angelodellapergola1.com\/en\/wp-json\/wp\/v2\/media?parent=1718"}],"wp:term":[{"taxonomy":"category","embeddable":true,"href":"https:\/\/angelodellapergola1.com\/en\/wp-json\/wp\/v2\/categories?post=1718"},{"taxonomy":"post_tag","embeddable":true,"href":"https:\/\/angelodellapergola1.com\/en\/wp-json\/wp\/v2\/tags?post=1718"}],"curies":[{"name":"wp","href":"https:\/\/api.w.org\/{rel}","templated":true}]}}